[{"@context":"https:\/\/schema.org\/","@type":"Article","@id":"https:\/\/www.haltrava.cz\/leskla-cerna-klasika-nebo-dzinova-varianta\/#Article","mainEntityOfPage":"https:\/\/www.haltrava.cz\/leskla-cerna-klasika-nebo-dzinova-varianta\/","headline":"Leskl\u00e1 \u010dern\u00e1 klasika nebo d\u017e\u00ednov\u00e1 varianta?","name":"Leskl\u00e1 \u010dern\u00e1 klasika nebo d\u017e\u00ednov\u00e1 varianta?","description":"Kter\u00e1 \u017eena p\u0159i\u0161la do spole\u010dnosti jako prvn\u00ed s malou kabelkou, kter\u00e9 se pro jej\u00ed tvar \u0159\u00edk\u00e1 \u201epsan\u00ed\u010dko\u201c, u\u017e se asi nikdy p\u0159esn\u011b nedozv\u00edme. Mo\u017en\u00e1, \u017ee tento trval\u00fd m\u00f3dn\u00ed trend m\u00e1 \u201ena sv\u011bdom\u00ed\u201c slavn\u00e1 mark\u00fdza de Pompadour, kter\u00e1 byla milenkou francouzsk\u00e9ho kr\u00e1le Ludv\u00edka XV. Jej\u00ed kabelka pompadurka sice vypad\u00e1 trochu odli\u0161n\u011b a st\u00e1le se ve sv\u00e9m...","datePublished":"2019-06-14","dateModified":"2023-04-28","author":{"@type":"Person","@id":"https:\/\/www.haltrava.cz\/author\/#Person","name":"haltrava.cz\n","url":"https:\/\/www.haltrava.cz\/author\/","identifier":1,"image":{"@type":"ImageObject","@id":"https:\/\/secure.gravatar.com\/avatar\/93869824c8aa580f0d16049ad31e69846ffc925e0cbb2826cc9554f53943da69?s=96&d=mm&r=g","url":"https:\/\/secure.gravatar.com\/avatar\/93869824c8aa580f0d16049ad31e69846ffc925e0cbb2826cc9554f53943da69?s=96&d=mm&r=g","height":96,"width":96}},"publisher":{"@type":"Organization","name":"haltrava.cz","logo":{"@type":"ImageObject","@id":"\/logo.png","url":"\/logo.png","width":600,"height":60}},"image":{"@type":"ImageObject","@id":"https:\/\/www.haltrava.cz\/wp-content\/uploads\/img_a358642_w1753_t1572958681.jpg","url":"https:\/\/www.haltrava.cz\/wp-content\/uploads\/img_a358642_w1753_t1572958681.jpg","height":0,"width":0},"url":"https:\/\/www.haltrava.cz\/leskla-cerna-klasika-nebo-dzinova-varianta\/","about":["N\u00e1kupy"],"wordCount":422,"articleBody":"        Kter\u00e1 \u017eena p\u0159i\u0161la do spole\u010dnosti jako prvn\u00ed s malou kabelkou, kter\u00e9 se pro jej\u00ed tvar \u0159\u00edk\u00e1 \u201epsan\u00ed\u010dko\u201c, u\u017e se asi nikdy p\u0159esn\u011b nedozv\u00edme. Mo\u017en\u00e1, \u017ee tento trval\u00fd m\u00f3dn\u00ed trend m\u00e1 \u201ena sv\u011bdom\u00ed\u201c slavn\u00e1 mark\u00fdza de Pompadour, kter\u00e1 byla milenkou francouzsk\u00e9ho kr\u00e1le Ludv\u00edka XV.  Jej\u00ed kabelka pompadurka sice vypad\u00e1 trochu odli\u0161n\u011b a st\u00e1le se ve sv\u00e9m p\u016fvodn\u00edm tvaru dr\u017e\u00ed na v\u00fdslun\u00ed, ale t\u0159eba to byl jen impulz. D\u00e1my prost\u011b najednou zjistily, \u017ee je docela dobr\u00e9 m\u00edt n\u011bkter\u00e9 v\u011bci po ruce bez toho, \u017ee by je musely schov\u00e1vat slo\u017eit\u011b do v\u00fdst\u0159ih\u016f nebo za podvazky. A pak u\u017e nest\u00e1lo nic v cest\u011b m\u00f3dn\u00edm n\u00e1vrh\u00e1\u0159\u016fm, aby naplno rozh\u00fdbaly svou fantazii. Co\u017e plat\u00ed do dne\u0161n\u00edch dob. Kabelka psan\u00ed\u010dko Prima obchod m\u00e1 mnoho designov\u00fdch \u00faprav. A vybrat si mezi nimi mohou d\u00e1my opravdu ka\u017ed\u00e9ho v\u011bku a na ka\u017edou p\u0159\u00edle\u017eitost. Ke klasice bezesporu pat\u0159\u00ed mal\u00e9 \u010dern\u00e9 psan\u00ed\u010dko v leskl\u00e9 povrchov\u00e9 \u00faprav\u011b. Dalo by se \u0159\u00edci, \u017ee t\u00edmto v\u00fdb\u011brem \u017eena rozhodn\u011b nic nezkaz\u00ed. Pokud m\u00e1 mo\u017enost volby mlad\u00e1 sle\u010dna, pak by to ale cht\u011blo n\u011bco veselej\u0161\u00edho.  Mini kabelka na v\u0161edn\u00ed den i ve sv\u00e1tek  Tento typ kabelky rozhodn\u011b nen\u00ed na \u00fastupu a do sv\u00e9ho \u201em\u00f3dn\u00edho d\u016fchodu\u201c se je\u0161t\u011b zdaleka nechyst\u00e1. Sv\u011bd\u010d\u00ed o tom, fakt, \u017ee u\u017e tato mini kabelka d\u00e1vno opustila pouze divadeln\u00ed s\u00e1ly a spole\u010densk\u00e9 akce a vydala se i do v\u0161edn\u00edch ulic.  Jestli\u017ee si kabelku \u2013 psan\u00ed\u010dko obl\u00edb\u00edte, nemus\u00edte se j\u00ed vzd\u00e1vat vlastn\u011b nikdy.   Mnoho mo\u017enost\u00ed v\u00fdb\u011bru  P\u0159i v\u00fdb\u011bru se rozhodn\u011b nedr\u017ete zp\u00e1tky \u2013 ka\u017ed\u00e1 p\u0159\u00edle\u017eitost m\u016f\u017ee m\u00edt jinou podobu va\u0161\u00ed mini kabelky. Jednou z variant pro v\u0161edn\u00ed den je nap\u0159\u00edklad psan\u00ed\u010dko u\u0161it\u00e9 z riflov\u00e9 l\u00e1tky. Vypad\u00e1 velice vkusn\u011b a bude ozdobou a dopl\u0148kem ka\u017ed\u00e9 \u017eeny, kter\u00e1 chce j\u00edt st\u00e1le s dobou a b\u00fdt v ka\u017ed\u00e9 situaci elegantn\u00ed.  Modern\u00ed i klasick\u00e1 psan\u00ed\u010dka  https:\/\/www.oazakabelek.cz\/Psanicka-1 jsou v tolika barevn\u00fdch, materi\u00e1lov\u00fdch i velikostn\u00edch variant\u00e1ch, \u017ee je v podstat\u011b mo\u017en\u00e9 m\u00edt na ka\u017ed\u00fd den jin\u00e9 a v\u017edy bude naprosto origin\u00e1ln\u00ed.                                                                                                                                                                                                                                                                                                                                                                                          4.8\/5 - (5 votes)        "},{"@context":"https:\/\/schema.org\/","@type":"BreadcrumbList","itemListElement":[{"@type":"ListItem","position":1,"name":"Leskl\u00e1 \u010dern\u00e1 klasika nebo d\u017e\u00ednov\u00e1 varianta?","item":"https:\/\/www.haltrava.cz\/leskla-cerna-klasika-nebo-dzinova-varianta\/#breadcrumbitem"}]}]